{"id":59,"date":"2013-08-29T13:06:32","date_gmt":"2013-08-29T11:06:32","guid":{"rendered":"http:\/\/blog.e-cestujeme.cz\/?p=59"},"modified":"2016-12-06T14:47:37","modified_gmt":"2016-12-06T13:47:37","slug":"chorvatsko-istrie-s-polopenzi-za-4398","status":"publish","type":"post","link":"https:\/\/www.e-cestujeme.cz\/blog\/2013\/08\/chorvatsko-istrie-s-polopenzi-za-4398\/","title":{"rendered":"Chorvatsko, Istrie s polopenz\u00ed za 4398,-"},"content":{"rendered":" hotel Belvedere\n<p>Pobyt vlastn\u00ed dopravou v Chorvatsku, oblast Istrie na 7 noc\u00ed s polopenz\u00ed za 4398,- K\u010d na osobu. Term\u00edn od <strong>14. &#8211; 21.9. 2013<\/strong>.<\/p>\n<p><a href=\"https:\/\/www.e-cestujeme.cz\/chorvatsko\/istrie\/medulin\/hotel-belvedere\">Hotel Belvedere***<\/a> le\u017e\u00ed v klidn\u00e9 okrajov\u00e9 \u010d\u00e1sti Medulinu, p\u0159\u00edmo u skalnato\/obl\u00e1zkov\u00e9 pl\u00e1\u017ee a je ide\u00e1ln\u00ed pro rodiny. Centrum s mnoha obchody a restauracemi je vzd\u00e1leno cca 600 m. M\u011bsto <strong>Pula<\/strong> cca 10 km. Autobusov\u00e1 zast\u00e1vka u hotelu. <strong>Parkovn\u00e9<\/strong> je v cen\u011b, dom\u00e1c\u00ed zv\u00ed\u0159ata nejsou povolena.<\/p>\n Hotel Belvedere\n<p>&nbsp;<\/p>\n<p>Pln\u011b klimatizovan\u00fd hotel m\u00e1 celkem 450 pokoj\u016f. D\u00e1le sv\u00fdm klient\u016fm nab\u00edz\u00ed <strong>aperitiv bar<\/strong>, restauraci, obchod se suven\u00fdry, pr\u00e1delnov\u00fd servis, kade\u0159nictv\u00ed a kosmetiku. <strong>Wi-fi<\/strong> v hotelov\u00e9 hale v cen\u011b. Kav\u00e1rna, terasa na opalov\u00e1n\u00ed, 2 baz\u00e9ny s mo\u0159skou vodou a leh\u00e1tkov\u00fdmi k\u0159esly. Slune\u010dn\u00edky jsou za poplatek.<\/p>\n<p>Za poplatek posilovna, tenisov\u00e9 kurty, minigolf, stoln\u00ed tenis a <strong>6 fotbalov\u00fdch h\u0159i\u0161\u0165<\/strong>. D\u00e1le pak sauna a mas\u00e1\u017ee. Windsurfing, p\u016fj\u010dovna lod\u00ed, vodn\u00ed ly\u017ee, \u0161lapadla jsou nab\u00edzena na bl\u00edzk\u00e9 pl\u00e1\u017ei.<\/p>\n","protected":false},"excerpt":{"rendered":"<p>Pobyt vlastn\u00ed dopravou v Chorvatsku, oblast Istrie na 7 noc\u00ed s polopenz\u00ed za 4398,- K\u010d na osobu. Term\u00edn od 14. &#8211; 21.9. 2013. Hotel Belvedere*** le\u017e\u00ed v klidn\u00e9 okrajov\u00e9 \u010d\u00e1sti Medulinu, p\u0159\u00edmo u skalnato\/obl\u00e1zkov\u00e9 pl\u00e1\u017ee a je ide\u00e1ln\u00ed pro rodiny. Centrum s mnoha obchody a restauracemi je vzd\u00e1leno cca 600 m. M\u011bsto Pula cca 10 &hellip; <a href=\"https:\/\/www.e-cestujeme.cz\/blog\/2013\/08\/chorvatsko-istrie-s-polopenzi-za-4398\/\" class=\"more-link\">Pokra\u010dovat ve \u010dten\u00ed<span class=\"screen-reader-text\"> &#8222;Chorvatsko, Istrie s polopenz\u00ed za 4398,-&#8222;<\/span><\/a><\/p>\n","protected":false},"author":2,"featured_media":0,"comment_status":"closed","ping_status":"closed","sticky":false,"template":"","format":"standard","meta":{"footnotes":""},"categories":[3],"tags":[],"class_list":["post-59","post","type-post","status-publish","format-standard","hentry","category-nabidky"],"_links":{"self":[{"href":"https:\/\/www.e-cestujeme.cz\/blog\/wp-json\/wp\/v2\/posts\/59","targetHints":{"allow":["GET"]}}],"collection":[{"href":"https:\/\/www.e-cestujeme.cz\/blog\/wp-json\/wp\/v2\/posts"}],"about":[{"href":"https:\/\/www.e-cestujeme.cz\/blog\/wp-json\/wp\/v2\/types\/post"}],"author":[{"embeddable":true,"href":"https:\/\/www.e-cestujeme.cz\/blog\/wp-json\/wp\/v2\/users\/2"}],"replies":[{"embeddable":true,"href":"https:\/\/www.e-cestujeme.cz\/blog\/wp-json\/wp\/v2\/comments?post=59"}],"version-history":[{"count":5,"href":"https:\/\/www.e-cestujeme.cz\/blog\/wp-json\/wp\/v2\/posts\/59\/revisions"}],"predecessor-version":[{"id":249,"href":"https:\/\/www.e-cestujeme.cz\/blog\/wp-json\/wp\/v2\/posts\/59\/revisions\/249"}],"wp:attachment":[{"href":"https:\/\/www.e-cestujeme.cz\/blog\/wp-json\/wp\/v2\/media?parent=59"}],"wp:term":[{"taxonomy":"category","embeddable":true,"href":"https:\/\/www.e-cestujeme.cz\/blog\/wp-json\/wp\/v2\/categories?post=59"},{"taxonomy":"post_tag","embeddable":true,"href":"https:\/\/www.e-cestujeme.cz\/blog\/wp-json\/wp\/v2\/tags?post=59"}],"curies":[{"name":"wp","href":"https:\/\/api.w.org\/{rel}","templated":true}]}}