{"id":283,"date":"2017-02-28T11:22:28","date_gmt":"2017-02-28T10:22:28","guid":{"rendered":"https:\/\/www.e-cestujeme.cz\/blog\/?p=283"},"modified":"2017-03-09T12:40:49","modified_gmt":"2017-03-09T11:40:49","slug":"dovolena-madarsku-u-balatonu-1-037","status":"publish","type":"post","link":"https:\/\/www.e-cestujeme.cz\/blog\/2017\/02\/dovolena-madarsku-u-balatonu-1-037\/","title":{"rendered":"Dovolen\u00e1 v Ma\u010farsku u Balatonu 1.037,-"},"content":{"rendered":"<p><img loading=\"lazy\" decoding=\"async\" class=\"alignnone size-full wp-image-288\" src=\"https:\/\/www.e-cestujeme.cz\/blog\/wp-content\/uploads\/2017\/02\/dovolena-v-madarsku-u-balatonu-1037.jpg\" alt=\"\" width=\"1024\" height=\"706\" srcset=\"https:\/\/www.e-cestujeme.cz\/blog\/wp-content\/uploads\/2017\/02\/dovolena-v-madarsku-u-balatonu-1037.jpg 1024w, https:\/\/www.e-cestujeme.cz\/blog\/wp-content\/uploads\/2017\/02\/dovolena-v-madarsku-u-balatonu-1037-300x207.jpg 300w, https:\/\/www.e-cestujeme.cz\/blog\/wp-content\/uploads\/2017\/02\/dovolena-v-madarsku-u-balatonu-1037-768x530.jpg 768w\" sizes=\"auto, (max-width: 709px) 85vw, (max-width: 909px) 67vw, (max-width: 1362px) 62vw, 840px\" \/><\/p>\n<p>5 denn\u00ed pobyt v <strong>Ma\u010farsku<\/strong>, <a href=\"https:\/\/www.e-cestujeme.cz\/madarsko\/balaton\">Balaton<\/a> v term\u00ednu 14.5. &#8211; 18.5.2017 za p\u0159\u00edznivou cenu <a href=\"https:\/\/www.e-cestujeme.cz\/madarsko\/balaton\/balaton\/apartmanovy-dum-schroder\/pokoj-14446\/pobyt-70963816\">1.037,-<\/a>\/ osoba (cena plat\u00ed p\u0159i obsazen\u00ed 4 osobami).<\/p>\n<p>Zn\u00e1m\u00fd Apartm\u00e1nov\u00fd d\u016fm <a href=\"https:\/\/www.e-cestujeme.cz\/madarsko\/balaton\/balaton\/apartmanovy-dum-schroder\">Schr\u00f6der ***<\/a> le\u017e\u00ed v bl\u00edzkosti jezera cca 300 m, centrum se nach\u00e1z\u00ed cca 1000 m. Apartm\u00e1ny jsou um\u00edst\u011bn\u00e9 uprost\u0159ed zahrady, kde se nach\u00e1z\u00ed i <strong>spole\u010dn\u00e1 terasa<\/strong> a prostor pro grilov\u00e1n\u00ed.<\/p>\n<p>Okol\u00ed je vhodn\u00e9 k v\u00fdlet\u016fm a proj\u00ed\u017e\u010fk\u00e1m na kole. K dispozici stoln\u00ed tenis a mal\u00e9 <strong>d\u011btsk\u00e9 h\u0159i\u0161t\u011b<\/strong>.<\/p>\n","protected":false},"excerpt":{"rendered":"<p>5 denn\u00ed pobyt v Ma\u010farsku, Balaton v term\u00ednu 14.5. &#8211; 18.5.2017 za p\u0159\u00edznivou cenu 1.037,-\/ osoba (cena plat\u00ed p\u0159i obsazen\u00ed 4 osobami). Zn\u00e1m\u00fd Apartm\u00e1nov\u00fd d\u016fm Schr\u00f6der *** le\u017e\u00ed v bl\u00edzkosti jezera cca 300 m, centrum se nach\u00e1z\u00ed cca 1000 m. Apartm\u00e1ny jsou um\u00edst\u011bn\u00e9 uprost\u0159ed zahrady, kde se nach\u00e1z\u00ed i spole\u010dn\u00e1 terasa a prostor pro grilov\u00e1n\u00ed. &hellip; <a href=\"https:\/\/www.e-cestujeme.cz\/blog\/2017\/02\/dovolena-madarsku-u-balatonu-1-037\/\" class=\"more-link\">Pokra\u010dovat ve \u010dten\u00ed<span class=\"screen-reader-text\"> &#8222;Dovolen\u00e1 v Ma\u010farsku u Balatonu 1.037,-&#8222;<\/span><\/a><\/p>\n","protected":false},"author":2,"featured_media":0,"comment_status":"closed","ping_status":"closed","sticky":false,"template":"","format":"standard","meta":{"footnotes":""},"categories":[6],"tags":[],"class_list":["post-283","post","type-post","status-publish","format-standard","hentry","category-last-minute-a-jine"],"_links":{"self":[{"href":"https:\/\/www.e-cestujeme.cz\/blog\/wp-json\/wp\/v2\/posts\/283","targetHints":{"allow":["GET"]}}],"collection":[{"href":"https:\/\/www.e-cestujeme.cz\/blog\/wp-json\/wp\/v2\/posts"}],"about":[{"href":"https:\/\/www.e-cestujeme.cz\/blog\/wp-json\/wp\/v2\/types\/post"}],"author":[{"embeddable":true,"href":"https:\/\/www.e-cestujeme.cz\/blog\/wp-json\/wp\/v2\/users\/2"}],"replies":[{"embeddable":true,"href":"https:\/\/www.e-cestujeme.cz\/blog\/wp-json\/wp\/v2\/comments?post=283"}],"version-history":[{"count":3,"href":"https:\/\/www.e-cestujeme.cz\/blog\/wp-json\/wp\/v2\/posts\/283\/revisions"}],"predecessor-version":[{"id":290,"href":"https:\/\/www.e-cestujeme.cz\/blog\/wp-json\/wp\/v2\/posts\/283\/revisions\/290"}],"wp:attachment":[{"href":"https:\/\/www.e-cestujeme.cz\/blog\/wp-json\/wp\/v2\/media?parent=283"}],"wp:term":[{"taxonomy":"category","embeddable":true,"href":"https:\/\/www.e-cestujeme.cz\/blog\/wp-json\/wp\/v2\/categories?post=283"},{"taxonomy":"post_tag","embeddable":true,"href":"https:\/\/www.e-cestujeme.cz\/blog\/wp-json\/wp\/v2\/tags?post=283"}],"curies":[{"name":"wp","href":"https:\/\/api.w.org\/{rel}","templated":true}]}}