{"id":275,"date":"2017-02-02T09:59:31","date_gmt":"2017-02-02T08:59:31","guid":{"rendered":"https:\/\/www.e-cestujeme.cz\/blog\/?p=275"},"modified":"2017-03-09T12:44:38","modified_gmt":"2017-03-09T11:44:38","slug":"zimni-dovolena-italie-paganella-2-790","status":"publish","type":"post","link":"https:\/\/www.e-cestujeme.cz\/blog\/2017\/02\/zimni-dovolena-italie-paganella-2-790\/","title":{"rendered":"Zimn\u00ed dovolen\u00e1 It\u00e1lie, Paganella 2.790,-"},"content":{"rendered":"<p><img loading=\"lazy\" decoding=\"async\" src=\"https:\/\/www.e-cestujeme.cz\/blog\/wp-content\/uploads\/2017\/02\/zimni-dovolena-italie-paganella.jpg\" alt=\"\" width=\"1000\" height=\"666\" class=\"alignnone size-full wp-image-295\" srcset=\"https:\/\/www.e-cestujeme.cz\/blog\/wp-content\/uploads\/2017\/02\/zimni-dovolena-italie-paganella.jpg 1000w, https:\/\/www.e-cestujeme.cz\/blog\/wp-content\/uploads\/2017\/02\/zimni-dovolena-italie-paganella-300x200.jpg 300w, https:\/\/www.e-cestujeme.cz\/blog\/wp-content\/uploads\/2017\/02\/zimni-dovolena-italie-paganella-768x511.jpg 768w\" sizes=\"auto, (max-width: 709px) 85vw, (max-width: 909px) 67vw, (max-width: 1362px) 62vw, 840px\" \/><\/p>\n<p>Zimn\u00ed dovolen\u00e1 v <strong>Alpy a Dolomity<\/strong>, <a href=\"https:\/\/www.e-cestujeme.cz\/italie\/alpy-a-dolomity\/paganella\">Paganella<\/a> v term\u00ednu 8.2. &#8211; 11.2.2017 za <a href=\"https:\/\/www.e-cestujeme.cz\/italie\/alpy-a-dolomity\/paganella\/apt-dum-casa-andalo\/pokoj-35977\/pobyt-76912841\">3.690,-<\/a>.<\/p>\n<p>P\u011bkn\u00fd apt. d\u016fm <a href=\"https:\/\/www.e-cestujeme.cz\/italie\/alpy-a-dolomity\/paganella\/apt-dum-casa-andalo\">Casa Andalo<\/a> le\u017e\u00ed 100 metr\u016f od centra <strong>Andalo<\/strong>, 200 metr\u016f od skiare\u00e1lu Paganella a pouh\u00fdch 50 metr\u016f od zast\u00e1vky skibusu.<\/p>\n<p>V objektu se nach\u00e1z\u00ed \u00faschovna ly\u017e\u00ed a ly\u017ea\u0159sk\u00fdch bot, v\u00fdtah a ve\u0159ejn\u00e9 parkov\u00e1n\u00ed. <strong>Wi-fi<\/strong> p\u0159ipojen\u00ed k internetu.<\/p>\n","protected":false},"excerpt":{"rendered":"<p>Zimn\u00ed dovolen\u00e1 v Alpy a Dolomity, Paganella v term\u00ednu 8.2. &#8211; 11.2.2017 za 3.690,-. P\u011bkn\u00fd apt. d\u016fm Casa Andalo le\u017e\u00ed 100 metr\u016f od centra Andalo, 200 metr\u016f od skiare\u00e1lu Paganella a pouh\u00fdch 50 metr\u016f od zast\u00e1vky skibusu. V objektu se nach\u00e1z\u00ed \u00faschovna ly\u017e\u00ed a ly\u017ea\u0159sk\u00fdch bot, v\u00fdtah a ve\u0159ejn\u00e9 parkov\u00e1n\u00ed. Wi-fi p\u0159ipojen\u00ed k internetu.<\/p>\n","protected":false},"author":2,"featured_media":0,"comment_status":"closed","ping_status":"closed","sticky":false,"template":"","format":"standard","meta":{"footnotes":""},"categories":[6],"tags":[],"class_list":["post-275","post","type-post","status-publish","format-standard","hentry","category-last-minute-a-jine"],"_links":{"self":[{"href":"https:\/\/www.e-cestujeme.cz\/blog\/wp-json\/wp\/v2\/posts\/275","targetHints":{"allow":["GET"]}}],"collection":[{"href":"https:\/\/www.e-cestujeme.cz\/blog\/wp-json\/wp\/v2\/posts"}],"about":[{"href":"https:\/\/www.e-cestujeme.cz\/blog\/wp-json\/wp\/v2\/types\/post"}],"author":[{"embeddable":true,"href":"https:\/\/www.e-cestujeme.cz\/blog\/wp-json\/wp\/v2\/users\/2"}],"replies":[{"embeddable":true,"href":"https:\/\/www.e-cestujeme.cz\/blog\/wp-json\/wp\/v2\/comments?post=275"}],"version-history":[{"count":3,"href":"https:\/\/www.e-cestujeme.cz\/blog\/wp-json\/wp\/v2\/posts\/275\/revisions"}],"predecessor-version":[{"id":296,"href":"https:\/\/www.e-cestujeme.cz\/blog\/wp-json\/wp\/v2\/posts\/275\/revisions\/296"}],"wp:attachment":[{"href":"https:\/\/www.e-cestujeme.cz\/blog\/wp-json\/wp\/v2\/media?parent=275"}],"wp:term":[{"taxonomy":"category","embeddable":true,"href":"https:\/\/www.e-cestujeme.cz\/blog\/wp-json\/wp\/v2\/categories?post=275"},{"taxonomy":"post_tag","embeddable":true,"href":"https:\/\/www.e-cestujeme.cz\/blog\/wp-json\/wp\/v2\/tags?post=275"}],"curies":[{"name":"wp","href":"https:\/\/api.w.org\/{rel}","templated":true}]}}